{"id":1427,"date":"2018-02-10T07:03:12","date_gmt":"2018-02-10T06:03:12","guid":{"rendered":"http:\/\/foto-produkt.sk\/?p=1427"},"modified":"2018-02-22T11:55:12","modified_gmt":"2018-02-22T10:55:12","slug":"kraj-levandul","status":"publish","type":"post","link":"https:\/\/foto-produkt.sk\/?p=1427","title":{"rendered":"Kraj levand\u00fa\u013e"},"content":{"rendered":"<h3>Do franc\u00fazskeho Provensalska sme sa vybrali, vybaven\u00ed<br \/>\nnajmodernej\u0161ou fototechnikou, zve\u010dni\u0165 kr\u00e1su levandu\u013eov\u00fdch<br \/>\npol\u00ed. To ni\u010d, \u017ee vinou dlhej zimy koncom j\u00fana e\u0161te<br \/>\nnekvitli&#8230;<\/h3>\n<p>Ak sa rozhodnete pre \u201eauto trip\u201c ako my, pripravte sa na tis\u00edc\u0161tyristokilometrov\u00fa cestu. Prechod Rak\u00faskom v\u00e1m d\u00e1 n\u00e1dej, \u017ee cesta bude pln\u00e1 radosti a pohody. Tak sa to bude javi\u0165 asi do polovice Talianska. Potom od v\u00e1s za\u010dn\u00fa p\u00fdta\u0165 za dia\u013enicu a vy ka\u017ed\u00fdch desa\u0165 kilometrov neveriaco vy\u0165ahujete pe\u0148a\u017eenku. Vyjde v\u00e1s to zhruba na sedemdesiat eur. A to r\u00e1tam len dia\u013enice v Taliansku. Garantujem v\u00e1m, \u017ee na t\u00fato nepr\u00edjemnos\u0165 \u00faplne zabudnete pri ve\u010dernej prech\u00e1dzke v meste\u010dku Banon. \u00dazke kamenn\u00e9 chodn\u00edky osvetlen\u00e9 pouli\u010dn\u00fdmi lampami n\u00e1s okam\u017eite vtiahli do atmosf\u00e9ry tohto kraja, ktor\u00fd vonia levandu\u013eou. R\u00e1no sme od samej nedo\u010dkavosti vstali o \u0161tvrtej a vyrazili spozn\u00e1va\u0165 tento svet.<\/p>\n<p>Neverte sprievodcom<\/p>\n<p>Cestou do historick\u00e9ho mesta Vaison-la-Romaine sa levandu\u013eov\u00e9 polia nedali prehliadnu\u0165. Ak\u00e9 v\u0161ak bolo na\u0161e sklamanie, vinou dlhej zimy e\u0161te nekvitli. Sekli sme sa o t\u00fd\u017ede\u0148. To ni\u010d, tento\u00a0kraj n\u00e1m pon\u00fakol in\u00e9 fascinuj\u00face poh\u013eady. V meste sme sa pre\u0161li po dvetis\u00edcro\u010dnom r\u00edmskom moste, ktor\u00fd odolal mnoh\u00fdm povodniam, a\u017e do horn\u00e9ho mesta Haute Ville, kde sa v minulosti skr\u00fdvali dedin\u010dania pred plieniacimi hordami. Rozhodne miesto, ktor\u00e9 sa oplat\u00ed vidie\u0165. Na rozdiel od vraj najkraj\u0161ej franc\u00fazskej dediny S\u00e9guret. Teda minim\u00e1lne pod\u013ea turistick\u00fdch sprievodcov. S\u00e9guret v provensal\u010dine znamen\u00e1 \u201ebezpe\u010dn\u00e9 miesto\u201c v\u010faka polohe, kde bolo vystavan\u00e9. Poskytovalo s\u00edce kr\u00e1sny v\u00fdh\u013ead na krajinu, ale po prejden\u00ed dvoch hlavn\u00fdch uli\u010diek sme si uvedomili, \u017ee je to v\u0161etko. \u010cakali sme tro\u0161ku viac, aj ke\u010f je pravda, \u017ee atmosf\u00e9ra tohto meste\u010dka je siln\u00e1. M\u00f4\u017eete tu napr\u00edklad vidie\u0165, ako majster v obchode ma\u013euje keramick\u00e9 fig\u00farky sv\u00e4tcov, ktor\u00e9 si u neho m\u00f4\u017eete aj k\u00fapi\u0165. Ke\u010f\u017ee S\u00e9guret je ve\u013emi vychyten\u00e1 turistick\u00e1 oblas\u0165 a o turistov v \u00fazkych uli\u010dk\u00e1ch nebola n\u00fadza, pobrali sme sa \u010falej. Pr\u00e1ve v\u010das. Pri z\u00e1pade slnka sme vo\u0161li do meste\u010dka Gordes. Terasovit\u00e9 usporiadanie na skalnatom kopci n\u00e1s oh\u00farilo. Bolo to nepochybne to najkraj\u0161ie, \u010do sme dovtedy v Provensalsku videli. Je to najnav\u0161tevovanej\u0161ie miesto v Luberone a v lete sa sem v\u00f4bec neodpor\u00fa\u010da chodi\u0165 pre obrovsk\u00e9 mno\u017estvo turistov. My sme mali \u0161\u0165astie, za\u017eili sme ich tak akur\u00e1t. \u0160okoval ma tu ist\u00fd mu\u017e, ktor\u00fd pri odpovedi na na\u0161u ot\u00e1zku zvolil prekvapuj\u00faco angli\u010dtinu a nie franc\u00faz\u0161tinu. A potom pokra\u010doval: \u010co rob\u00ed\u0161? Ja som b\u00e1snik. Veril som mu, vyzeral presne tak. Odpove\u010f odo m\u0148a ne\u010dakal, odporu\u010dil n\u00e1m ne\u010falek\u00fd cisterci\u00e1nsky kl\u00e1\u0161tor S\u00e9nanque, ktor\u00fd patr\u00ed medzi tri ve\u013ek\u00e9 cisterci\u00e1nske kl\u00e1\u0161tory v Provensalsku. Neprekvapil n\u00e1s, o kl\u00e1\u0161tore sme vedeli, ve\u010f je tu z\u010faleka najfotografovanej\u0161\u00ed. Aj v\u010faka levanduliam&#8230;<\/p>\n<p>M\u00e1gia miesta<\/p>\n<p>Skoro r\u00e1no sme pred n\u00edm u\u017e st\u00e1li, neru\u0161en\u00ed turistami sme si u\u017e\u00edvali ticho a nas\u00e1vali atmosf\u00e9ru tohto miesta v \u00fadol\u00ed. Bolo skuto\u010dne magick\u00e9. Ticho, pokoj, ide\u00e1lne na medit\u00e1cie mn\u00edchov. E\u0161te pred pr\u00edchodom prv\u00fdch turistov sme dorazili do meste\u010dka Roussillon, kde sme si dali k\u00e1vu a bagetu, na\u0161e naj\u010dastej\u0161ie jedlo na v\u00fdlete, a dali sa un\u00e1\u0161a\u0165 uli\u010dkami s \u010derven\u00fdmi domami sfarben\u00fdmi okrom. Ne\u010dudo, t\u00e1to dedinka le\u017e\u00ed pri \u00fadol\u00ed, ktor\u00e9 je jedn\u00fdm z najv\u00e4\u010d\u0161\u00edch n\u00e1lez\u00edsk okra na svete. Ani sme sa nenazdali a ocitli sme sa v dave japonsk\u00fdch turistov, ktor\u00fdch doviezli dva autobusy. Pohoda sa vytratila. Preto sme rad\u0161ej vyrazili k stredovekej dedinke, ktor\u00e1 in\u0161pirovala aj talianskeho b\u00e1snika Petrarcu. Fontaine-de-Vaucluse je miesto vodn\u00fdch kolies. Pramen\u00ed tu rieka Sorgue, kr\u00e1sne sfarben\u00e1 dozelena. Dedinka je pln\u00e1 kaviarn\u00ed a obchodov, ale n\u00e1jdete tu aj nevkusn\u00e9 koloto\u010de, cukrov\u00fa vatu a lacn\u00e9 suven\u00edry. Celkov\u00fd dojem bol sklaman\u00edm, najm\u00e4 ke\u010f sme si spomenuli na kr\u00e1sne kamenn\u00e9 uli\u010dky v zabudnut\u00fdch dedink\u00e1ch, ktor\u00e9 zost\u00e1vaj\u00fa na okraji pozornosti turistov.<\/p>\n<p>Skryt\u00e1 kr\u00e1sa<\/p>\n<p>Pr\u00edmorsk\u00e9 meste\u010dko Cassis, ktor\u00e9 sa stalo \u010fal\u0161ou zast\u00e1vkou na na\u0161ej ceste, je elegantn\u00e9 a modern\u00e9. Hne\u010f sme vyrazili na mestsk\u00fa pl\u00e1\u017e. Nedalo sa nev\u0161imn\u00fa\u0165 si ve\u013emi vla\u017en\u00e9 zast\u00fapenie pl\u00e1vaj\u00facich \u013eud\u00ed v mori. Hne\u010f pri pokuse do\u0148 vojs\u0165 sme pochopili pre\u010do. Cel\u00e1 pl\u00e1\u017e n\u00e1s pozorovala&#8230; Nedalo sa inak, len sa s chladnou tv\u00e1rou vrhn\u00fa\u0165 do studen\u00fdch v\u013an. Je v\u00e1m jasn\u00e9, \u017ee to bolo na\u0161e posledn\u00e9 k\u00fapanie v Cassis. Mesto n\u00e1m v\u0161ak u\u010darovalo nato\u013eko, \u017ee sme sa rozhodli zosta\u0165 tam dva dni a robi\u0165 z neho men\u0161ie v\u00fdlety po okol\u00ed. Cassis je toti\u017e obkolesen\u00fd n\u00e1dhern\u00fdmi v\u00e1pencov\u00fdmi \u00fatesmi, ktor\u00e9 tvoria modr\u00e9 z\u00e1toky. Cel\u00e1 oblas\u0165 m\u00e1 dvadsa\u0165 kilometrov a je vyhl\u00e1sen\u00e1 za pr\u00edrodn\u00fa rezerv\u00e1ciu. N\u00e1jdete tu dokonca informa\u010dn\u00fa tabu\u013eu, aby \u013eudia udr\u017eiavali \u010distotu, aj v angli\u010dtine. Prekvapuj\u00face, preto\u017ee Franc\u00fazi si v\u00e4\u010d\u0161inou \u0165a\u017ek\u00fa hlavu z prekladov informa\u010dn\u00fdch tab\u00fa\u013e nerobia. Rozhodli sme sa pre z\u00e1toku En-Vau. Ide o jednu z najzn\u00e1mej\u0161\u00edch a d\u00e1 sa k nej dosta\u0165 len lo\u010fou alebo pe\u0161o. Cesta trv\u00e1 asi hodinu, ale rozhodne stoj\u00ed za to. V \u017eivote som sa nek\u00fapal na kraj\u0161om mieste. V\u00e1pencov\u00e9 \u00fatesy, pr\u00ed\u0165a\u017eliv\u00e9 aj pre horolezcov, obklopovali kamenist\u00fa pl\u00e1\u017e po obidvoch stran\u00e1ch. Uprostred prieh\u013eadn\u00e9 farebn\u00e9 more. Ani ni\u017e\u0161ia teplota odrazu nebola prek\u00e1\u017ekou. Postupne sa pl\u00e1\u017e naplnila \u013eu\u010fmi, ktor\u00ed boli ochotn\u00ed v letnej hor\u00fa\u010dave kr\u00e1\u010da\u0165 hodinu pe\u0161o, len aby sa sem dostali. Ani pri st\u00fapaj\u00facom po\u010dte n\u00e1v\u0161tevn\u00edkov kr\u00e1sa tohto miesta neutrpela. Vskutku odpor\u00fa\u010dam. Ak m\u00e1te radi dobr\u00e9 v\u00ednko, franc\u00fazsku kuchy\u0148u \u010di prech\u00e1dzky starobyl\u00fdmi kamenn\u00fdmi uli\u010dkami, Provensalsko s kr\u00e1snymi pl\u00e1\u017eami pri Stredozemnom mori na jednej strane, z druhej chr\u00e1nen\u00e9 Alpami je pre v\u00e1s to prav\u00e9 miesto. Je tu v\u0161etko a e\u0161te \u010dosi navy\u0161e. Vryje sa v\u00e1m do srdca.<\/p>\n<p>&nbsp;<\/p>\n<p>&nbsp;<\/p>\n<div class='row ebor-blog-gallery' id='gallery4054'><div class='item col-sm-4'><figure class=\"icon-overlay lightbox\">\n\t\t        \t\t\t\t<a href=\"https:\/\/foto-produkt.sk\/wp-content\/uploads\/2018\/02\/Banon.jpg\" class=\"fancybox-media\" data-rel=\"portfolio\" title=\"Banon je zn\u00e1my aj v\u010faka koziemu syru s rovnak\u00fdm n\u00e1zvom \u2013 Banon \u00e0 la feuille, ktor\u00fd sa vyr\u00e1ba u\u017e od rom\u00e1nskych \u010dias.\">\n\t\t        \t\t\t\t\t<span class=\"icn-more\"><\/span>\n\t\t        \t\t\t\t\t<img decoding=\"async\" src=\"https:\/\/foto-produkt.sk\/wp-content\/uploads\/2018\/02\/Banon-440x295.jpg\" alt=\"Kraj levand\u00fa\u013e\" \/>\n\t\t        \t\t\t\t<\/a>\n\t\t        \t\t\t<\/figure><\/div><div class='item col-sm-4'><figure class=\"icon-overlay lightbox\">\n\t\t        \t\t\t\t<a href=\"https:\/\/foto-produkt.sk\/wp-content\/uploads\/2018\/02\/Banon2.jpg\" class=\"fancybox-media\" data-rel=\"portfolio\" title=\"Banon\">\n\t\t        \t\t\t\t\t<span class=\"icn-more\"><\/span>\n\t\t        \t\t\t\t\t<img decoding=\"async\" src=\"https:\/\/foto-produkt.sk\/wp-content\/uploads\/2018\/02\/Banon2-440x295.jpg\" alt=\"Kraj levand\u00fa\u013e\" \/>\n\t\t        \t\t\t\t<\/a>\n\t\t        \t\t\t<\/figure><\/div><div class='item col-sm-4'><figure class=\"icon-overlay lightbox\">\n\t\t        \t\t\t\t<a href=\"https:\/\/foto-produkt.sk\/wp-content\/uploads\/2018\/02\/Banon3.jpg\" class=\"fancybox-media\" data-rel=\"portfolio\" title=\"Banon\">\n\t\t        \t\t\t\t\t<span class=\"icn-more\"><\/span>\n\t\t        \t\t\t\t\t<img decoding=\"async\" src=\"https:\/\/foto-produkt.sk\/wp-content\/uploads\/2018\/02\/Banon3-440x295.jpg\" alt=\"Kraj levand\u00fa\u013e\" \/>\n\t\t        \t\t\t\t<\/a>\n\t\t        \t\t\t<\/figure><\/div><div class='item col-sm-4'><figure class=\"icon-overlay lightbox\">\n\t\t        \t\t\t\t<a href=\"https:\/\/foto-produkt.sk\/wp-content\/uploads\/2018\/02\/Cassis5.jpg\" class=\"fancybox-media\" data-rel=\"portfolio\" title=\"Cassis pon\u00faka aj mo\u017enos\u0165 presk\u00fama\u0165 krajinu v okol\u00ed na lodi. Vyjde v\u00e1s to na p\u00e4tn\u00e1s\u0165 eur pribli\u017ene za \u0161tyridsa\u0165p\u00e4\u0165 min\u00fat.\">\n\t\t        \t\t\t\t\t<span class=\"icn-more\"><\/span>\n\t\t        \t\t\t\t\t<img decoding=\"async\" src=\"https:\/\/foto-produkt.sk\/wp-content\/uploads\/2018\/02\/Cassis5-440x295.jpg\" alt=\"Kraj levand\u00fa\u013e\" \/>\n\t\t        \t\t\t\t<\/a>\n\t\t        \t\t\t<\/figure><\/div><div class='item col-sm-4'><figure class=\"icon-overlay lightbox\">\n\t\t        \t\t\t\t<a href=\"https:\/\/foto-produkt.sk\/wp-content\/uploads\/2018\/02\/En-Vau3.jpg\" class=\"fancybox-media\" data-rel=\"portfolio\" title=\"En-Vau je vyh\u013ead\u00e1van\u00e1 pl\u00e1\u017e. D\u00e1 sa k nej dosta\u0165 lo\u010fou z mesta Cassis alebo z Marseille, alebo pe\u0161o. Morsk\u00e9 dno d\u00e1va moru neoby\u010dajn\u00fa farbu a pl\u00e1\u017e m\u00e1 tvar p\u00edsmena V.\">\n\t\t        \t\t\t\t\t<span class=\"icn-more\"><\/span>\n\t\t        \t\t\t\t\t<img decoding=\"async\" src=\"https:\/\/foto-produkt.sk\/wp-content\/uploads\/2018\/02\/En-Vau3-440x295.jpg\" alt=\"Kraj levand\u00fa\u013e\" \/>\n\t\t        \t\t\t\t<\/a>\n\t\t        \t\t\t<\/figure><\/div><div class='item col-sm-4'><figure class=\"icon-overlay lightbox\">\n\t\t        \t\t\t\t<a href=\"https:\/\/foto-produkt.sk\/wp-content\/uploads\/2018\/02\/Gordes.jpg\" class=\"fancybox-media\" data-rel=\"portfolio\" title=\"Gordes je jedno z najkraj\u0161\u00edch miest vo Franc\u00fazsku vybudovan\u00e9 na strmom kopci. Labyrint \u00fazkych uli\u010diek v\u00e1s o\u010dar\u00ed.\">\n\t\t        \t\t\t\t\t<span class=\"icn-more\"><\/span>\n\t\t        \t\t\t\t\t<img decoding=\"async\" src=\"https:\/\/foto-produkt.sk\/wp-content\/uploads\/2018\/02\/Gordes-440x295.jpg\" alt=\"Kraj levand\u00fa\u013e\" \/>\n\t\t        \t\t\t\t<\/a>\n\t\t        \t\t\t<\/figure><\/div><div class='item col-sm-4'><figure class=\"icon-overlay lightbox\">\n\t\t        \t\t\t\t<a href=\"https:\/\/foto-produkt.sk\/wp-content\/uploads\/2018\/02\/IMG_0251.jpg\" class=\"fancybox-media\" data-rel=\"portfolio\" title=\"\">\n\t\t        \t\t\t\t\t<span class=\"icn-more\"><\/span>\n\t\t        \t\t\t\t\t<img decoding=\"async\" src=\"https:\/\/foto-produkt.sk\/wp-content\/uploads\/2018\/02\/IMG_0251-440x295.jpg\" alt=\"Kraj levand\u00fa\u013e\" \/>\n\t\t        \t\t\t\t<\/a>\n\t\t        \t\t\t<\/figure><\/div><div class='item col-sm-4'><figure class=\"icon-overlay lightbox\">\n\t\t        \t\t\t\t<a href=\"https:\/\/foto-produkt.sk\/wp-content\/uploads\/2018\/02\/IMG_0520aa.jpg\" class=\"fancybox-media\" data-rel=\"portfolio\" title=\"\">\n\t\t        \t\t\t\t\t<span class=\"icn-more\"><\/span>\n\t\t        \t\t\t\t\t<img decoding=\"async\" src=\"https:\/\/foto-produkt.sk\/wp-content\/uploads\/2018\/02\/IMG_0520aa-440x295.jpg\" alt=\"Kraj levand\u00fa\u013e\" \/>\n\t\t        \t\t\t\t<\/a>\n\t\t        \t\t\t<\/figure><\/div><div class='item col-sm-4'><figure class=\"icon-overlay lightbox\">\n\t\t        \t\t\t\t<a href=\"https:\/\/foto-produkt.sk\/wp-content\/uploads\/2018\/02\/IMG_0938.jpg\" class=\"fancybox-media\" data-rel=\"portfolio\" title=\"\">\n\t\t        \t\t\t\t\t<span class=\"icn-more\"><\/span>\n\t\t        \t\t\t\t\t<img decoding=\"async\" src=\"https:\/\/foto-produkt.sk\/wp-content\/uploads\/2018\/02\/IMG_0938-440x295.jpg\" alt=\"Kraj levand\u00fa\u013e\" \/>\n\t\t        \t\t\t\t<\/a>\n\t\t        \t\t\t<\/figure><\/div><div class='item col-sm-4'><figure class=\"icon-overlay lightbox\">\n\t\t        \t\t\t\t<a href=\"https:\/\/foto-produkt.sk\/wp-content\/uploads\/2018\/02\/levanto.jpg\" class=\"fancybox-media\" data-rel=\"portfolio\" title=\"Levanto, vstupn\u00e1 br\u00e1na do n\u00e1rodn\u00e9ho parku. Dedinka je vzdialen\u00e1 vlakom len p\u00e4\u0165 min\u00fat, zrejme aj preto sa tu ubytuje v\u00e4\u010d\u0161ina n\u00e1v\u0161tevn\u00edkov Cinque Terre.\">\n\t\t        \t\t\t\t\t<span class=\"icn-more\"><\/span>\n\t\t        \t\t\t\t\t<img decoding=\"async\" src=\"https:\/\/foto-produkt.sk\/wp-content\/uploads\/2018\/02\/levanto-440x295.jpg\" alt=\"Kraj levand\u00fa\u013e\" \/>\n\t\t        \t\t\t\t<\/a>\n\t\t        \t\t\t<\/figure><\/div><div class='item col-sm-4'><figure class=\"icon-overlay lightbox\">\n\t\t        \t\t\t\t<a href=\"https:\/\/foto-produkt.sk\/wp-content\/uploads\/2018\/02\/seguret2.jpg\" class=\"fancybox-media\" data-rel=\"portfolio\" title=\"\">\n\t\t        \t\t\t\t\t<span class=\"icn-more\"><\/span>\n\t\t        \t\t\t\t\t<img decoding=\"async\" src=\"https:\/\/foto-produkt.sk\/wp-content\/uploads\/2018\/02\/seguret2-440x295.jpg\" alt=\"Kraj levand\u00fa\u013e\" \/>\n\t\t        \t\t\t\t<\/a>\n\t\t        \t\t\t<\/figure><\/div><div class='item col-sm-4'><figure class=\"icon-overlay lightbox\">\n\t\t        \t\t\t\t<a href=\"https:\/\/foto-produkt.sk\/wp-content\/uploads\/2018\/02\/S\u00e9nangue.jpg\" class=\"fancybox-media\" data-rel=\"portfolio\" title=\"Abbaye Notre-Dame de S\u00e9nanque \u2013 kr\u00e1sny, st\u00e1le funguj\u00faci kl\u00e1\u0161tor skryt\u00fd v \u00fadol\u00ed severne od mesta Gordes. Konaj\u00fa sa tu bohoslu\u017eby, mn\u00edsi si tu pe\u010d\u00fa svoj vlastn\u00fd chlieb, je tu kni\u017enica. Len tie levandule e\u0161te nekvitli.\">\n\t\t        \t\t\t\t\t<span class=\"icn-more\"><\/span>\n\t\t        \t\t\t\t\t<img decoding=\"async\" src=\"https:\/\/foto-produkt.sk\/wp-content\/uploads\/2018\/02\/S\u00e9nangue-440x295.jpg\" alt=\"Kraj levand\u00fa\u013e\" \/>\n\t\t        \t\t\t\t<\/a>\n\t\t        \t\t\t<\/figure><\/div><div class='item col-sm-4'><figure class=\"icon-overlay lightbox\">\n\t\t        \t\t\t\t<a href=\"https:\/\/foto-produkt.sk\/wp-content\/uploads\/2018\/02\/Vaison-la-Romaine-Haute-Ville.jpg\" class=\"fancybox-media\" data-rel=\"portfolio\" title=\"\">\n\t\t        \t\t\t\t\t<span class=\"icn-more\"><\/span>\n\t\t        \t\t\t\t\t<img decoding=\"async\" src=\"https:\/\/foto-produkt.sk\/wp-content\/uploads\/2018\/02\/Vaison-la-Romaine-Haute-Ville-440x295.jpg\" alt=\"Kraj levand\u00fa\u013e\" \/>\n\t\t        \t\t\t\t<\/a>\n\t\t        \t\t\t<\/figure><\/div><div class='item col-sm-4'><figure class=\"icon-overlay lightbox\">\n\t\t        \t\t\t\t<a href=\"https:\/\/foto-produkt.sk\/wp-content\/uploads\/2018\/02\/Banon4.jpg\" class=\"fancybox-media\" data-rel=\"portfolio\" title=\"\">\n\t\t        \t\t\t\t\t<span class=\"icn-more\"><\/span>\n\t\t        \t\t\t\t\t<img decoding=\"async\" src=\"https:\/\/foto-produkt.sk\/wp-content\/uploads\/2018\/02\/Banon4-440x295.jpg\" alt=\"Kraj levand\u00fa\u013e\" \/>\n\t\t        \t\t\t\t<\/a>\n\t\t        \t\t\t<\/figure><\/div><div class='item col-sm-4'><figure class=\"icon-overlay lightbox\">\n\t\t        \t\t\t\t<a href=\"https:\/\/foto-produkt.sk\/wp-content\/uploads\/2018\/02\/Fontaine-de-Vaucluse-.jpg\" class=\"fancybox-media\" data-rel=\"portfolio\" title=\"Fontaine-de-Vaucluse \">\n\t\t        \t\t\t\t\t<span class=\"icn-more\"><\/span>\n\t\t        \t\t\t\t\t<img decoding=\"async\" src=\"https:\/\/foto-produkt.sk\/wp-content\/uploads\/2018\/02\/Fontaine-de-Vaucluse--440x295.jpg\" alt=\"Kraj levand\u00fa\u013e\" \/>\n\t\t        \t\t\t\t<\/a>\n\t\t        \t\t\t<\/figure><\/div><div class='item col-sm-4'><figure class=\"icon-overlay lightbox\">\n\t\t        \t\t\t\t<a href=\"https:\/\/foto-produkt.sk\/wp-content\/uploads\/2018\/02\/Gordes4.jpg\" class=\"fancybox-media\" data-rel=\"portfolio\" title=\"Gordes\">\n\t\t        \t\t\t\t\t<span class=\"icn-more\"><\/span>\n\t\t        \t\t\t\t\t<img decoding=\"async\" src=\"https:\/\/foto-produkt.sk\/wp-content\/uploads\/2018\/02\/Gordes4-440x295.jpg\" alt=\"Kraj levand\u00fa\u013e\" \/>\n\t\t        \t\t\t\t<\/a>\n\t\t        \t\t\t<\/figure><\/div><div class='item col-sm-4'><figure class=\"icon-overlay lightbox\">\n\t\t        \t\t\t\t<a href=\"https:\/\/foto-produkt.sk\/wp-content\/uploads\/2018\/02\/IMG_0213.jpg\" class=\"fancybox-media\" data-rel=\"portfolio\" title=\"\">\n\t\t        \t\t\t\t\t<span class=\"icn-more\"><\/span>\n\t\t        \t\t\t\t\t<img decoding=\"async\" src=\"https:\/\/foto-produkt.sk\/wp-content\/uploads\/2018\/02\/IMG_0213-440x295.jpg\" alt=\"Kraj levand\u00fa\u013e\" \/>\n\t\t        \t\t\t\t<\/a>\n\t\t        \t\t\t<\/figure><\/div><div class='item col-sm-4'><figure class=\"icon-overlay lightbox\">\n\t\t        \t\t\t\t<a href=\"https:\/\/foto-produkt.sk\/wp-content\/uploads\/2018\/02\/IMG_0367.jpg\" class=\"fancybox-media\" data-rel=\"portfolio\" title=\"\">\n\t\t        \t\t\t\t\t<span class=\"icn-more\"><\/span>\n\t\t        \t\t\t\t\t<img decoding=\"async\" src=\"https:\/\/foto-produkt.sk\/wp-content\/uploads\/2018\/02\/IMG_0367-440x295.jpg\" alt=\"Kraj levand\u00fa\u013e\" \/>\n\t\t        \t\t\t\t<\/a>\n\t\t        \t\t\t<\/figure><\/div><div class='item col-sm-4'><figure class=\"icon-overlay lightbox\">\n\t\t        \t\t\t\t<a href=\"https:\/\/foto-produkt.sk\/wp-content\/uploads\/2018\/02\/roussillon.jpg\" class=\"fancybox-media\" data-rel=\"portfolio\" title=\"Roussillon\">\n\t\t        \t\t\t\t\t<span class=\"icn-more\"><\/span>\n\t\t        \t\t\t\t\t<img decoding=\"async\" src=\"https:\/\/foto-produkt.sk\/wp-content\/uploads\/2018\/02\/roussillon-440x295.jpg\" alt=\"Kraj levand\u00fa\u013e\" \/>\n\t\t        \t\t\t\t<\/a>\n\t\t        \t\t\t<\/figure><\/div><div class='item col-sm-4'><figure class=\"icon-overlay lightbox\">\n\t\t        \t\t\t\t<a href=\"https:\/\/foto-produkt.sk\/wp-content\/uploads\/2018\/02\/Vaison-la-Romaine-Haute-Ville-1.jpg\" class=\"fancybox-media\" data-rel=\"portfolio\" title=\"\">\n\t\t        \t\t\t\t\t<span class=\"icn-more\"><\/span>\n\t\t        \t\t\t\t\t<img decoding=\"async\" src=\"https:\/\/foto-produkt.sk\/wp-content\/uploads\/2018\/02\/Vaison-la-Romaine-Haute-Ville-1-440x295.jpg\" alt=\"Kraj levand\u00fa\u013e\" \/>\n\t\t        \t\t\t\t<\/a>\n\t\t        \t\t\t<\/figure><\/div><div class='item col-sm-4'><figure class=\"icon-overlay lightbox\">\n\t\t        \t\t\t\t<a href=\"https:\/\/foto-produkt.sk\/wp-content\/uploads\/2018\/02\/vyhlad-zo-seguret.jpg\" class=\"fancybox-media\" data-rel=\"portfolio\" title=\"V\u00fdh\u013ead zo Seguretu\">\n\t\t        \t\t\t\t\t<span class=\"icn-more\"><\/span>\n\t\t        \t\t\t\t\t<img decoding=\"async\" src=\"https:\/\/foto-produkt.sk\/wp-content\/uploads\/2018\/02\/vyhlad-zo-seguret-440x295.jpg\" alt=\"Kraj levand\u00fa\u013e\" \/>\n\t\t        \t\t\t\t<\/a>\n\t\t        \t\t\t<\/figure><\/div>\n\t\t    <script type=\"text\/javascript\">\n\t\t    \tjQuery(window).load(function () {\n\t\t        var $container = jQuery(\"#gallery4054\");\n\t\t            $container.isotope({\n\t\t                itemSelector: \".item\"\n\t\t            });\n\t\t    \n\t\t        jQuery(window).on(\"resize\", function () {\n\t\t            jQuery(\"#gallery4054\").isotope(\"layout\")\n\t\t        });\n\t\t    });\n\t\t    <\/script><\/div>\n\n","protected":false},"excerpt":{"rendered":"<p>Do franc\u00fazskeho Provensalska sme sa vybrali, vybaven\u00ed najmodernej\u0161ou fototechnikou, zve\u010dni\u0165 kr\u00e1su levandu\u013eov\u00fdch pol\u00ed. To ni\u010d,&#8230;<\/p>\n","protected":false},"author":1,"featured_media":1478,"comment_status":"closed","ping_status":"open","sticky":false,"template":"","format":"standard","meta":{"_acf_changed":false,"footnotes":""},"categories":[32],"tags":[],"class_list":["post-1427","post","type-post","status-publish","format-standard","has-post-thumbnail","hentry","category-cestopis"],"acf":[],"_links":{"self":[{"href":"https:\/\/foto-produkt.sk\/index.php?rest_route=\/wp\/v2\/posts\/1427","targetHints":{"allow":["GET"]}}],"collection":[{"href":"https:\/\/foto-produkt.sk\/index.php?rest_route=\/wp\/v2\/posts"}],"about":[{"href":"https:\/\/foto-produkt.sk\/index.php?rest_route=\/wp\/v2\/types\/post"}],"author":[{"embeddable":true,"href":"https:\/\/foto-produkt.sk\/index.php?rest_route=\/wp\/v2\/users\/1"}],"replies":[{"embeddable":true,"href":"https:\/\/foto-produkt.sk\/index.php?rest_route=%2Fwp%2Fv2%2Fcomments&post=1427"}],"version-history":[{"count":4,"href":"https:\/\/foto-produkt.sk\/index.php?rest_route=\/wp\/v2\/posts\/1427\/revisions"}],"predecessor-version":[{"id":1479,"href":"https:\/\/foto-produkt.sk\/index.php?rest_route=\/wp\/v2\/posts\/1427\/revisions\/1479"}],"wp:featuredmedia":[{"embeddable":true,"href":"https:\/\/foto-produkt.sk\/index.php?rest_route=\/wp\/v2\/media\/1478"}],"wp:attachment":[{"href":"https:\/\/foto-produkt.sk\/index.php?rest_route=%2Fwp%2Fv2%2Fmedia&parent=1427"}],"wp:term":[{"taxonomy":"category","embeddable":true,"href":"https:\/\/foto-produkt.sk\/index.php?rest_route=%2Fwp%2Fv2%2Fcategories&post=1427"},{"taxonomy":"post_tag","embeddable":true,"href":"https:\/\/foto-produkt.sk\/index.php?rest_route=%2Fwp%2Fv2%2Ftags&post=1427"}],"curies":[{"name":"wp","href":"https:\/\/api.w.org\/{rel}","templated":true}]}}